{"id":7290,"date":"2023-12-12T14:28:06","date_gmt":"2023-12-12T17:28:06","guid":{"rendered":"https:\/\/www.estancialarinconada.com.ar\/?p=7290"},"modified":"2023-12-12T14:28:56","modified_gmt":"2023-12-12T17:28:56","slug":"el-rosarino-alejandro-tosti-se-consagro-campeon-de-la-2-edicion-del-abierto-de-la-provincia-de-santa-fe","status":"publish","type":"post","link":"https:\/\/www.estancialarinconada.com.ar\/index.php\/el-rosarino-alejandro-tosti-se-consagro-campeon-de-la-2-edicion-del-abierto-de-la-provincia-de-santa-fe\/","title":{"rendered":"El rosarino Alejandro Tosti se consagr\u00f3 campe\u00f3n de la 2\u00b0 edici\u00f3n del Abierto de la Provincia de Santa Fe"},"content":{"rendered":"<p>&nbsp;<\/p>\n<p>El domingo 10 de diciembre finaliz\u00f3 la 2\u00b0 edici\u00f3n del <strong>Abierto de la Provincia de Santa Fe,<\/strong> organizado por <em><strong>La Rinconada Golf Club.<\/strong><\/em> Con 199 (-17) golpes, el rosarino Alejandro Tosti <em>-jugador del PGA Tour en 2024-<\/em> se consagr\u00f3 campe\u00f3n del torneo. A cuatro golpes le sigui\u00f3 Rafael G\u00f3mez (203) <em>-ganador en la categor\u00eda Senior-,<\/em> en 3\u00b0 lugar Leandro Marelli (205), 4\u00b0 lugar para Leonardo Ledesma (206), y 5\u00b0 para Franco Romero (208).<\/p>\n<p>El certamen comenz\u00f3 el jueves 7 con el cl\u00e1sico Pro-Am del cual result\u00f3 ganador el quipo conformado por el profesional Sergio Acevedo, Marcelo Figueroa, Mat\u00edas Capra y Fernando Aguilar. En los tres d\u00edas siguientes se llev\u00f3 a cabo el torneo a 54 hoyos sin cortes, que sum\u00f3 entre profesionales, scratch y aficionados m\u00e1s de 130 jugadores de todo el pa\u00eds. Es para destacar las figuras de proyecci\u00f3n nacional e internacional que pasaron por el <strong>Abierto de la Provincia,<\/strong> comenzando por el legendario Vicente \u201cChino\u201d Fern\u00e1ndez que ya hab\u00eda participado en la primer edici\u00f3n, Alejandro Tosti, quien logr\u00f3 ingresar este a\u00f1o al PGA Tour 2024, Rafael G\u00f3mez de amplia y destacada trayectoria en el European S\u00e9niors Tour y en el PGA Tour Latinoam\u00e9rica, y el casildense Leandro Marelli jugador del PGA Tour Latinoam\u00e9rica, son algunos de los nombres m\u00e1s destacados.<\/p>\n<p>La segunda edici\u00f3n del <strong>Abierto de la Provincia de Santa Fe<\/strong> disputado en <em><strong>La Rinconada,<\/strong><\/em> confirma su consolidaci\u00f3n como uno de los eventos ineludibles de la agenda anual de jugadores de golf aficionados y profesionales del pa\u00eds y la regi\u00f3n.<\/p>\n<p><img loading=\"lazy\" decoding=\"async\" class=\"aligncenter wp-image-7295\" src=\"https:\/\/www.estancialarinconada.com.ar\/wp\/wp-content\/uploads\/2023\/12\/LEADERBOARD-APSF-2023-157x300.jpg\" alt=\"\" width=\"680\" height=\"1301\" srcset=\"https:\/\/www.estancialarinconada.com.ar\/wp\/wp-content\/uploads\/2023\/12\/LEADERBOARD-APSF-2023-157x300.jpg 157w, https:\/\/www.estancialarinconada.com.ar\/wp\/wp-content\/uploads\/2023\/12\/LEADERBOARD-APSF-2023-535x1024.jpg 535w, https:\/\/www.estancialarinconada.com.ar\/wp\/wp-content\/uploads\/2023\/12\/LEADERBOARD-APSF-2023-600x1148.jpg 600w, https:\/\/www.estancialarinconada.com.ar\/wp\/wp-content\/uploads\/2023\/12\/LEADERBOARD-APSF-2023-19x36.jpg 19w, https:\/\/www.estancialarinconada.com.ar\/wp\/wp-content\/uploads\/2023\/12\/LEADERBOARD-APSF-2023-768x1470.jpg 768w, https:\/\/www.estancialarinconada.com.ar\/wp\/wp-content\/uploads\/2023\/12\/LEADERBOARD-APSF-2023-scaled.jpg 1338w\" sizes=\"auto, (max-width: 680px) 100vw, 680px\" \/><\/p>\n<div class=\"w-gallery fit_cover wp_gallery type_grid action_popup_image ratio_1x1 count_3\" style=\"--columns:3;--items-gap:0px;\"><div class=\"w-gallery-list\"><div class=\"w-gallery-item\"><div class=\"w-gallery-item-img\"><img loading=\"lazy\" decoding=\"async\" width=\"150\" height=\"150\" src=\"https:\/\/www.estancialarinconada.com.ar\/wp\/wp-content\/uploads\/2023\/12\/LR_noticia-web_fotos-galeria_231212_01-150x150.jpg\" class=\"attachment-thumbnail size-thumbnail\" alt=\"\" srcset=\"https:\/\/www.estancialarinconada.com.ar\/wp\/wp-content\/uploads\/2023\/12\/LR_noticia-web_fotos-galeria_231212_01-150x150.jpg 150w, https:\/\/www.estancialarinconada.com.ar\/wp\/wp-content\/uploads\/2023\/12\/LR_noticia-web_fotos-galeria_231212_01-300x300.jpg 300w, https:\/\/www.estancialarinconada.com.ar\/wp\/wp-content\/uploads\/2023\/12\/LR_noticia-web_fotos-galeria_231212_01-350x350.jpg 350w, https:\/\/www.estancialarinconada.com.ar\/wp\/wp-content\/uploads\/2023\/12\/LR_noticia-web_fotos-galeria_231212_01-600x600.jpg 600w, https:\/\/www.estancialarinconada.com.ar\/wp\/wp-content\/uploads\/2023\/12\/LR_noticia-web_fotos-galeria_231212_01-36x36.jpg 36w, https:\/\/www.estancialarinconada.com.ar\/wp\/wp-content\/uploads\/2023\/12\/LR_noticia-web_fotos-galeria_231212_01-768x768.jpg 768w, https:\/\/www.estancialarinconada.com.ar\/wp\/wp-content\/uploads\/2023\/12\/LR_noticia-web_fotos-galeria_231212_01.jpg 1000w\" sizes=\"auto, (max-width: 150px) 100vw, 150px\" \/><\/div><a class=\"w-gallery-item-link\" aria-label=\"03\" href=\"https:\/\/www.estancialarinconada.com.ar\/wp\/wp-content\/uploads\/2023\/12\/LR_noticia-web_fotos-galeria_231212_01.jpg\" title=\"03\"><\/a><\/div><div class=\"w-gallery-item\"><div class=\"w-gallery-item-img\"><img loading=\"lazy\" decoding=\"async\" width=\"150\" height=\"150\" src=\"https:\/\/www.estancialarinconada.com.ar\/wp\/wp-content\/uploads\/2023\/12\/LR_noticia-web_fotos-galeria_231212_02-150x150.jpg\" class=\"attachment-thumbnail size-thumbnail\" alt=\"\" srcset=\"https:\/\/www.estancialarinconada.com.ar\/wp\/wp-content\/uploads\/2023\/12\/LR_noticia-web_fotos-galeria_231212_02-150x150.jpg 150w, https:\/\/www.estancialarinconada.com.ar\/wp\/wp-content\/uploads\/2023\/12\/LR_noticia-web_fotos-galeria_231212_02-300x300.jpg 300w, https:\/\/www.estancialarinconada.com.ar\/wp\/wp-content\/uploads\/2023\/12\/LR_noticia-web_fotos-galeria_231212_02-350x350.jpg 350w, https:\/\/www.estancialarinconada.com.ar\/wp\/wp-content\/uploads\/2023\/12\/LR_noticia-web_fotos-galeria_231212_02-600x600.jpg 600w, https:\/\/www.estancialarinconada.com.ar\/wp\/wp-content\/uploads\/2023\/12\/LR_noticia-web_fotos-galeria_231212_02-36x36.jpg 36w, https:\/\/www.estancialarinconada.com.ar\/wp\/wp-content\/uploads\/2023\/12\/LR_noticia-web_fotos-galeria_231212_02-768x768.jpg 768w, https:\/\/www.estancialarinconada.com.ar\/wp\/wp-content\/uploads\/2023\/12\/LR_noticia-web_fotos-galeria_231212_02.jpg 1000w\" sizes=\"auto, (max-width: 150px) 100vw, 150px\" \/><\/div><a class=\"w-gallery-item-link\" aria-label=\"02\" href=\"https:\/\/www.estancialarinconada.com.ar\/wp\/wp-content\/uploads\/2023\/12\/LR_noticia-web_fotos-galeria_231212_02.jpg\" title=\"02\"><\/a><\/div><div class=\"w-gallery-item\"><div class=\"w-gallery-item-img\"><img loading=\"lazy\" decoding=\"async\" width=\"150\" height=\"150\" src=\"https:\/\/www.estancialarinconada.com.ar\/wp\/wp-content\/uploads\/2023\/12\/LR_noticia-web_fotos-galeria_231212_03-150x150.jpg\" class=\"attachment-thumbnail size-thumbnail\" alt=\"\" srcset=\"https:\/\/www.estancialarinconada.com.ar\/wp\/wp-content\/uploads\/2023\/12\/LR_noticia-web_fotos-galeria_231212_03-150x150.jpg 150w, https:\/\/www.estancialarinconada.com.ar\/wp\/wp-content\/uploads\/2023\/12\/LR_noticia-web_fotos-galeria_231212_03-300x300.jpg 300w, https:\/\/www.estancialarinconada.com.ar\/wp\/wp-content\/uploads\/2023\/12\/LR_noticia-web_fotos-galeria_231212_03-350x350.jpg 350w, https:\/\/www.estancialarinconada.com.ar\/wp\/wp-content\/uploads\/2023\/12\/LR_noticia-web_fotos-galeria_231212_03-600x600.jpg 600w, https:\/\/www.estancialarinconada.com.ar\/wp\/wp-content\/uploads\/2023\/12\/LR_noticia-web_fotos-galeria_231212_03-36x36.jpg 36w, https:\/\/www.estancialarinconada.com.ar\/wp\/wp-content\/uploads\/2023\/12\/LR_noticia-web_fotos-galeria_231212_03-768x768.jpg 768w, https:\/\/www.estancialarinconada.com.ar\/wp\/wp-content\/uploads\/2023\/12\/LR_noticia-web_fotos-galeria_231212_03.jpg 1000w\" sizes=\"auto, (max-width: 150px) 100vw, 150px\" \/><\/div><a class=\"w-gallery-item-link\" aria-label=\"01\" href=\"https:\/\/www.estancialarinconada.com.ar\/wp\/wp-content\/uploads\/2023\/12\/LR_noticia-web_fotos-galeria_231212_03.jpg\" title=\"01\"><\/a><\/div><\/div><\/div>\n","protected":false},"excerpt":{"rendered":"<p>&nbsp; El domingo 10 de diciembre finaliz\u00f3 la 2\u00b0 edici\u00f3n del Abierto de la Provincia de Santa Fe, organizado por La Rinconada Golf Club. Con 199 (-17) golpes, el rosarino Alejandro Tosti -jugador del PGA Tour en 2024- se consagr\u00f3 campe\u00f3n del torneo. A cuatro golpes le sigui\u00f3 Rafael G\u00f3mez (203) -ganador en la categor\u00eda&#8230;<\/p>\n","protected":false},"author":2,"featured_media":7291,"comment_status":"closed","ping_status":"closed","sticky":false,"template":"","format":"standard","meta":{"footnotes":""},"categories":[3,1,52],"tags":[],"class_list":["post-7290","post","type-post","status-publish","format-standard","has-post-thumbnail","hentry","category-golf","category-noticias","category-torneos"],"_links":{"self":[{"href":"https:\/\/www.estancialarinconada.com.ar\/index.php\/wp-json\/wp\/v2\/posts\/7290","targetHints":{"allow":["GET"]}}],"collection":[{"href":"https:\/\/www.estancialarinconada.com.ar\/index.php\/wp-json\/wp\/v2\/posts"}],"about":[{"href":"https:\/\/www.estancialarinconada.com.ar\/index.php\/wp-json\/wp\/v2\/types\/post"}],"author":[{"embeddable":true,"href":"https:\/\/www.estancialarinconada.com.ar\/index.php\/wp-json\/wp\/v2\/users\/2"}],"replies":[{"embeddable":true,"href":"https:\/\/www.estancialarinconada.com.ar\/index.php\/wp-json\/wp\/v2\/comments?post=7290"}],"version-history":[{"count":6,"href":"https:\/\/www.estancialarinconada.com.ar\/index.php\/wp-json\/wp\/v2\/posts\/7290\/revisions"}],"predecessor-version":[{"id":7302,"href":"https:\/\/www.estancialarinconada.com.ar\/index.php\/wp-json\/wp\/v2\/posts\/7290\/revisions\/7302"}],"wp:featuredmedia":[{"embeddable":true,"href":"https:\/\/www.estancialarinconada.com.ar\/index.php\/wp-json\/wp\/v2\/media\/7291"}],"wp:attachment":[{"href":"https:\/\/www.estancialarinconada.com.ar\/index.php\/wp-json\/wp\/v2\/media?parent=7290"}],"wp:term":[{"taxonomy":"category","embeddable":true,"href":"https:\/\/www.estancialarinconada.com.ar\/index.php\/wp-json\/wp\/v2\/categories?post=7290"},{"taxonomy":"post_tag","embeddable":true,"href":"https:\/\/www.estancialarinconada.com.ar\/index.php\/wp-json\/wp\/v2\/tags?post=7290"}],"curies":[{"name":"wp","href":"https:\/\/api.w.org\/{rel}","templated":true}]}}